{"id":2310,"date":"2024-05-17T12:11:18","date_gmt":"2024-05-17T15:11:18","guid":{"rendered":"https:\/\/colbiorn.com.ar\/es\/?p=2310"},"modified":"2024-05-17T12:22:27","modified_gmt":"2024-05-17T15:22:27","slug":"nuevo-limite-de-decision-clinica-para-diagnostico-de-glucemia-alterada-en-ayunas","status":"publish","type":"post","link":"https:\/\/colbiorn.com.ar\/es\/nuevo-limite-de-decision-clinica-para-diagnostico-de-glucemia-alterada-en-ayunas\/","title":{"rendered":"Nuevo l\u00edmite de decisi\u00f3n cl\u00ednica para diagn\u00f3stico de glucemia alterada en ayunas"},"content":{"rendered":"\n<h2 class=\"wp-block-heading\">RECOMENDACIONES #1 FBA \/ GT DL  <\/h2>\n\n\n\n<p>FBA Con mucho orgullo, presento el lanzamiento de la primera Recomendaci\u00f3n FBA, \u00abNuevo l\u00edmite de decisi\u00f3n cl\u00ednica para diagn\u00f3stico de glucemia alterada en ayunas\u00bb del grupo de trabajo de Diabetes y L\u00edpidos.<\/p>\n\n\n\n<p>El \u00faltimo 13 de mayo, se present\u00f3 la Primera Recomendaci\u00f3n FBA a cargo del Grupo de Trabajo en Diabetes y L\u00edpidos, en el Aula de Conferencias de la Facultad de Farmacia y Bioqu\u00edmica de la UBA. Encabezaron el acto el Decano de la Facultad de Farmacia y Bioqu\u00edmica de la UBA, Dr. Pablo Evelson y el Presidente de la Fundaci\u00f3n Bioqu\u00edmica, Dr. Eduardo Freggiaro. Presentaron esta Primera recomendaci\u00f3n los Dres. Gabriela Berg, presidenta del GT-DL y Ra\u00fal Girardi, integrante del mismo grupo.<\/p>\n\n\n\n<p>Compartimos link a documentacion en PDF  <a href=\"https:\/\/drive.google.com\/file\/d\/1lxgDYoJCanNZLIEP6BtzvojKxrgwW3yr\/view?usp=sharing\" target=\"_blank\" rel=\"noreferrer noopener\">https:\/\/drive.google.com\/file\/d\/1lxgDYoJCanNZLIEP6BtzvojKxrgwW3yr\/view?usp=sharing<\/a><\/p>\n\n\n\n<div class=\"wp-block-essential-blocks-advanced-video\"><div class=\"eb-parent-wrapper eb-parent-eb-advanced-video-oxtxyp7 \"><div class=\"eb-advanced-video-wrapper eb-advanced-video-oxtxyp7 none\" data-id=\"eb-advanced-video-oxtxyp7\"><div class=\"eb-player-wrapper eb-advanced-video-oxtxyp7\"><div class=\"eb-player-option none right\" data-id=\"eb-advanced-video-oxtxyp7\" data-url=\"https:\/\/youtu.be\/FFDB4hnrQ5A\" data-option=\"none\" data-controls=\"true\" data-loop=\"false\" data-muted=\"false\" data-playing=\"true\" data-overlay=\"false\" data-light=\"https:\/\/colbiorn.com.ar\/es\/wp-content\/plugins\/essential-blocks\/assets\/images\/adv-video-placeholder.png\" data-customplayicontype=\"image\" data-customplayiconlib=\"fas fa-play-circle\" data-customplayicon=\"true\" data-playicon=\"https:\/\/colbiorn.com.ar\/es\/wp-content\/plugins\/essential-blocks\/assets\/images\/adv-video-playicon.svg\"><\/div><\/div><\/div><\/div><\/div>\n","protected":false},"excerpt":{"rendered":"<p>RECOMENDACIONES #1 FBA \/ GT DL FBA Con mucho orgullo, presento el lanzamiento de la primera Recomendaci\u00f3n FBA, \u00abNuevo l\u00edmite de decisi\u00f3n cl\u00ednica para diagn\u00f3stico de glucemia alterada en ayunas\u00bb del grupo de trabajo de Diabetes y L\u00edpidos. El \u00faltimo 13 de mayo, se present\u00f3 la Primera Recomendaci\u00f3n FBA a cargo del Grupo de Trabajo&#8230;<\/p>\n","protected":false},"author":3,"featured_media":2313,"comment_status":"closed","ping_status":"closed","sticky":false,"template":"","format":"standard","meta":{"_kadence_starter_templates_imported_post":false,"_kad_post_transparent":"","_kad_post_title":"","_kad_post_layout":"","_kad_post_sidebar_id":"","_kad_post_content_style":"","_kad_post_vertical_padding":"","_kad_post_feature":"","_kad_post_feature_position":"","_kad_post_header":false,"_kad_post_footer":false,"_kad_post_classname":"","footnotes":""},"categories":[64],"tags":[],"class_list":["post-2310","post","type-post","status-publish","format-standard","has-post-thumbnail","hentry","category-noticias"],"_links":{"self":[{"href":"https:\/\/colbiorn.com.ar\/es\/wp-json\/wp\/v2\/posts\/2310","targetHints":{"allow":["GET"]}}],"collection":[{"href":"https:\/\/colbiorn.com.ar\/es\/wp-json\/wp\/v2\/posts"}],"about":[{"href":"https:\/\/colbiorn.com.ar\/es\/wp-json\/wp\/v2\/types\/post"}],"author":[{"embeddable":true,"href":"https:\/\/colbiorn.com.ar\/es\/wp-json\/wp\/v2\/users\/3"}],"replies":[{"embeddable":true,"href":"https:\/\/colbiorn.com.ar\/es\/wp-json\/wp\/v2\/comments?post=2310"}],"version-history":[{"count":1,"href":"https:\/\/colbiorn.com.ar\/es\/wp-json\/wp\/v2\/posts\/2310\/revisions"}],"predecessor-version":[{"id":2311,"href":"https:\/\/colbiorn.com.ar\/es\/wp-json\/wp\/v2\/posts\/2310\/revisions\/2311"}],"wp:featuredmedia":[{"embeddable":true,"href":"https:\/\/colbiorn.com.ar\/es\/wp-json\/wp\/v2\/media\/2313"}],"wp:attachment":[{"href":"https:\/\/colbiorn.com.ar\/es\/wp-json\/wp\/v2\/media?parent=2310"}],"wp:term":[{"taxonomy":"category","embeddable":true,"href":"https:\/\/colbiorn.com.ar\/es\/wp-json\/wp\/v2\/categories?post=2310"},{"taxonomy":"post_tag","embeddable":true,"href":"https:\/\/colbiorn.com.ar\/es\/wp-json\/wp\/v2\/tags?post=2310"}],"curies":[{"name":"wp","href":"https:\/\/api.w.org\/{rel}","templated":true}]}}