{"id":1858,"date":"2023-08-18T13:19:41","date_gmt":"2023-08-18T16:19:41","guid":{"rendered":"https:\/\/colbiorn.com.ar\/es\/?p=1858"},"modified":"2023-09-28T08:55:46","modified_gmt":"2023-09-28T11:55:46","slug":"actualizacion-en-perfil-lipidico-y-obesidad","status":"publish","type":"post","link":"https:\/\/colbiorn.com.ar\/es\/actualizacion-en-perfil-lipidico-y-obesidad\/","title":{"rendered":"Actualizaci\u00f3n en Perfil lip\u00eddico y obesidad"},"content":{"rendered":"\n<p><\/p>\n\n\n\n<div class=\"wp-block-columns is-layout-flex wp-container-core-columns-is-layout-9d6595d7 wp-block-columns-is-layout-flex\">\n<div class=\"wp-block-column is-layout-flow wp-block-column-is-layout-flow\">\n<figure class=\"wp-block-image size-full\"><a href=\"https:\/\/forms.gle\/4YHKhcuDPG2Q5u1y7\" target=\"_blank\" rel=\"noreferrer noopener\"><img loading=\"lazy\" decoding=\"async\" width=\"800\" height=\"800\" src=\"https:\/\/colbiorn.com.ar\/es\/wp-content\/uploads\/2023\/08\/flyerACTUALIZACIONSEP23-CBPRN.jpg\" alt=\"\" class=\"wp-image-1860\" srcset=\"https:\/\/colbiorn.com.ar\/es\/wp-content\/uploads\/2023\/08\/flyerACTUALIZACIONSEP23-CBPRN.jpg 800w, https:\/\/colbiorn.com.ar\/es\/wp-content\/uploads\/2023\/08\/flyerACTUALIZACIONSEP23-CBPRN-300x300.jpg 300w, https:\/\/colbiorn.com.ar\/es\/wp-content\/uploads\/2023\/08\/flyerACTUALIZACIONSEP23-CBPRN-150x150.jpg 150w, https:\/\/colbiorn.com.ar\/es\/wp-content\/uploads\/2023\/08\/flyerACTUALIZACIONSEP23-CBPRN-768x768.jpg 768w, https:\/\/colbiorn.com.ar\/es\/wp-content\/uploads\/2023\/08\/flyerACTUALIZACIONSEP23-CBPRN-480x480.jpg 480w\" sizes=\"auto, (max-width: 800px) 100vw, 800px\" \/><\/a><\/figure>\n<\/div>\n\n\n\n<div class=\"wp-block-column is-layout-flow wp-block-column-is-layout-flow\">\n<p><\/p>\n\n\n\n<div class=\"wp-block-group alignwide\"><div class=\"wp-block-group__inner-container is-layout-constrained wp-block-group-is-layout-constrained\">\n<p class=\"has-vivid-red-color has-text-color has-medium-font-size\"><strong><u>Actualizaci\u00f3n en:<\/u><\/strong><br><strong>Perfil lip\u00eddico y obesidad Lo vigente y lo nuevo<\/strong><\/p>\n\n\n\n<p class=\"has-black-color has-pale-pink-background-color has-text-color has-background\" style=\"font-size:16px\"><strong>Lugar:<\/strong> Maip\u00fa 1428 Sede Colegio de Bioqu\u00edmicos de R\u00edo Negro<br><strong>Horario:<\/strong> viernes 15 de septiembre 18 a 21hs \u2013 s\u00e1bado 16 de septiembre de 9 a 13hs.<br><strong>Organiza: COLEGIO DE BIOQUIMICOS DE RIO NEGRO<br>Coordina: Dra Valle Caterina \u2013 Dr Alegre Jorge<\/strong><br><em>Aranceles: Socios $10000 \u2013 No socios $15000<\/em> <\/p>\n\n\n\n<p class=\"has-black-color has-pale-pink-background-color has-text-color has-background\" style=\"font-size:20px\"><strong>Clases presenciales y online ZOOM<\/strong><\/p>\n\n\n\n<p><\/p>\n\n\n\n<p><\/p>\n\n\n\n<p class=\"has-white-color has-vivid-red-background-color has-text-color has-background has-medium-font-size\"><strong>INSCRIPCION ABIERTA: <\/strong><\/p>\n\n\n\n<blockquote class=\"wp-block-quote is-layout-flow wp-block-quote-is-layout-flow\">\n<p class=\"has-white-color has-vivid-red-background-color has-text-color has-background has-medium-font-size\"><strong>Requiere Registro <\/strong><a rel=\"noreferrer noopener\" href=\"https:\/\/forms.gle\/4YHKhcuDPG2Q5u1y7?fbclid=IwAR3WziL5ggLtDNZrq5Nq3i-XVrKtl2qkgdR-t_6tpmTE5lKBnBypIz3Ee_M\" target=\"_blank\">https:\/\/forms.gle\/4YHKhcuDPG2Q5u1y7<\/a><\/p>\n<\/blockquote>\n\n\n\n<p><strong>DISERTANTE VIERNES 15\/09\/23<br>Dr. Alberto Lorenzatti: <\/strong>M\u00e9dico, Universidad Nacional de C\u00f3rdoba, Facultad de Medicina, 1980. Especialista en Cardiolog\u00eda, Universidad Nacional de C\u00f3rdoba, 1988. Lipid\u00f3logo Cl\u00ednico Certificado, Sociedad Argentina de L\u00edpidos, 2014. Experto M\u00e9dico Certificado en Investigaci\u00f3n Cl\u00ednica y Farmacolog\u00eda, Consejo M\u00e9dico de la Provincia de C\u00f3rdoba, 2016.<br>Es actualmente Co-Director en el Instituto M\u00e9dico DAMIC \/ Fundaci\u00f3n Rusculleda para la Investigaci\u00f3n, Docencia y Atenci\u00f3n al Paciente (cabeza de una red de Investigaci\u00f3n Cl\u00ednica con m\u00e1s de 30 sitios de investigaci\u00f3n en Argentina) y fue Jefe de Cardiolog\u00eda en el Hospital de C\u00f3rdoba, C\u00f3rdoba, Argentina (2017- 2021).<br><strong>TEMARIO<\/strong><br>1-LDL colesterol como causa etiol\u00f3gica y no s\u00f3lo de riesgo;<br>2-Importancia de la exposici\u00f3n acumulada en el tiempo<br>3-No HDL colesterol \u00f3 Apo B?;<br>4- Inconsistencias de la formula de Friedewald;<br>5- Remanentes de colesterol;<br>6- Lipoprote\u00edna (a);<br>7- Hacia un cambio en el informe de los rangos normales?<\/p>\n<\/div><\/div>\n\n\n\n<p><strong>DISERTANTES S\u00c1BADO 16\/09\/23<br>Dra Graciela Pennacchiotti<br>Doctora en Bioqu\u00edmica. <\/strong>Especialista en Bioqu\u00edmica Cl\u00ednica. Especialista en Gesti\u00f3n en Salud y Calidad en Bioqu\u00edmica. Profesora Adjunta C\u00e1tedra Bioqu\u00edmica Cl\u00ednica I. Universidad Nacional del Sur Profesora Adjunta C\u00e1tedra Gesti\u00f3n de la calidad en el laboratorio de An\u00e1lisis Cl\u00ednicos. UNS Jefa Laboratorio Central, Hospital Municipal de Agudos Dr. Leonidas Lucero \u2022<br><strong>Benozzi, Silvia. Mag\u00edster en Bioqu\u00edmica<\/strong>, Especialista en Bioqu\u00edmica Cl\u00ednica, Diplomada en Bio\u00e9tica<br><strong>Unger, Gisela. Bioqu\u00edmica<\/strong>, Bioqu\u00edmica Certificada por el Colegio de Bioqu\u00edmicos de BsAs.<br><strong>TEMARIO<\/strong><br>Obesidad y enfermedad renal<br>Epidemia de dislipemia y enfermedad cardiovascular<br>Par\u00e1metros lip\u00eddicos: \u00bfhace falta una nueva mirada?<br>Importancia cl\u00ednica de Lp(a): ni tanto, ni tan poco\u2026<br>Triglic\u00e9ridos como factor de riesgo: ayuno o no ayuno<br>Perfil lip\u00eddico: \u00bfcu\u00e1l es la situaci\u00f3n de nuestra etapa anal\u00edtica?<br>Recomendaciones para la estandarizaci\u00f3n y armonizaci\u00f3n del perfil lip\u00eddico b\u00e1sico, apoB y Lp(a).<br>M\u00e9todos recomendados y trazabilidad metrol\u00f3gica. Especificaciones de calidad. Desempe\u00f1o anal\u00edtico. Par\u00e1metros calculados.<br>Perfil lip\u00eddico: \u00bfqu\u00e9 transmite nuestro informe y c\u00f3mo lo interpretamos?<br>Valores deseables. Variabilidad biol\u00f3gica. Valor de Referencia del Cambio. Interpretaci\u00f3n de resultados.<br>Algoritmo diagn\u00f3stico: como puede colaborar el bioqu\u00edmico para la detecci\u00f3n precoz de dislipemias<\/p>\n<\/div>\n<\/div>\n\n\n\n<div class=\"wp-block-columns is-layout-flex wp-container-core-columns-is-layout-9d6595d7 wp-block-columns-is-layout-flex\">\n<div class=\"wp-block-column is-layout-flow wp-block-column-is-layout-flow\">\n<h2 class=\"wp-block-heading\">Cursos Relacionados<\/h2>\n\n\n\n<div class=\"wp-block-query is-layout-flow wp-block-query-is-layout-flow\"><ul class=\"columns-3 wp-block-post-template is-layout-grid wp-container-core-post-template-is-layout-2fc57c17 wp-block-post-template-is-layout-grid\"><li class=\"wp-block-post post-3343 post type-post status-publish format-standard hentry category-capacitacion-paga01 category-cocapre\">\n\n<div class=\"wp-block-group\" style=\"padding-top:30px;padding-right:30px;padding-bottom:30px;padding-left:30px\"><div class=\"wp-block-group__inner-container is-layout-flow wp-block-group-is-layout-flow\"><h2 class=\"wp-block-post-title\"><a href=\"https:\/\/colbiorn.com.ar\/es\/curso-autoanticuerpos-en-el-laboratorio-clinico\/\" target=\"_self\" >CURSO Autoanticuerpos en el laboratorio cl\u00ednico<\/a><\/h2>\n\n<div class=\"wp-block-post-excerpt\"><p class=\"wp-block-post-excerpt__excerpt\">. Autoanticuerpos en el laboratorio cl\u00ednico De la observaci\u00f3n microsc\u00f3pica a la decisi\u00f3n diagn\u00f3stica fundamentada CAPACITACI\u00d3N BIOQU\u00cdMICA&#x1f4e2; &#x1f52c; De la observaci\u00f3n microsc\u00f3pica a la decisi\u00f3n diagn\u00f3stica fundamentadaEl Colegio de Bioqu\u00edmicos de la Provincia de R\u00edo Negro (CBPRN) los invita a esta capacitaci\u00f3n de primer nivel. Inscripci\u00f3n abierta del 9 de marzo al 16 de abril&#8230; <\/p><\/div>\n\n<div class=\"wp-block-post-date\"><time datetime=\"2026-03-23T14:52:18-03:00\">23 de marzo de 2026<\/time><\/div><\/div><\/div>\n\n<\/li><li class=\"wp-block-post post-3338 post type-post status-publish format-standard hentry category-capacitacion-paga01 category-cocapre\">\n\n<div class=\"wp-block-group\" style=\"padding-top:30px;padding-right:30px;padding-bottom:30px;padding-left:30px\"><div class=\"wp-block-group__inner-container is-layout-flow wp-block-group-is-layout-flow\"><h2 class=\"wp-block-post-title\"><a href=\"https:\/\/colbiorn.com.ar\/es\/curso-laboratorio-de-hemostasia\/\" target=\"_self\" >CURSO Laboratorio de hemostasia<\/a><\/h2>\n\n<div class=\"wp-block-post-excerpt\"><p class=\"wp-block-post-excerpt__excerpt\">. Laboratorio de hemostasia: conceptos b\u00e1sicos y nuevos desaf\u00edos para el bioqu\u00edmico moderno Garantizando resultados confiables en un sistema altamente sensible CAPACITACI\u00d3N BIOQU\u00cdMICA&#x1f4e2; &#x1f52c; Laboratorio de hemostasia: conceptos b\u00e1sicos y nuevos desaf\u00edos para el bioqu\u00edmico modernoEl Colegio de Bioqu\u00edmicos de la Provincia de R\u00edo Negro (CBPRN) los invita a esta capacitaci\u00f3n de primer nivel. Inscripci\u00f3n&#8230; <\/p><\/div>\n\n<div class=\"wp-block-post-date\"><time datetime=\"2026-03-23T14:29:59-03:00\">23 de marzo de 2026<\/time><\/div><\/div><\/div>\n\n<\/li><li class=\"wp-block-post post-3303 post type-post status-publish format-standard hentry category-capacitacion-paga01 category-cocapre\">\n\n<div class=\"wp-block-group\" style=\"padding-top:30px;padding-right:30px;padding-bottom:30px;padding-left:30px\"><div class=\"wp-block-group__inner-container is-layout-flow wp-block-group-is-layout-flow\"><h2 class=\"wp-block-post-title\"><a href=\"https:\/\/colbiorn.com.ar\/es\/intro-ia-para-bioquimicos\/\" target=\"_self\" >INTRO IA para Bioquimicos<\/a><\/h2>\n\n<div class=\"wp-block-post-excerpt\"><p class=\"wp-block-post-excerpt__excerpt\">. Introducci\u00f3n a la inteligencia artificial para bioqu\u00edmicos Competencias en inteligencia artificial para el laboratorio del futuro CAPACITACI\u00d3N BIOQU\u00cdMICA&#x1f4e2; &#x1f52c; Introducci\u00f3n a la inteligencia artificial para bioqu\u00edmicosEl Colegio de Bioqu\u00edmicos de la Provincia de R\u00edo Negro (CBPRN) los invita a esta capacitaci\u00f3n de primer nivel. Inscripci\u00f3n abierta del 19 de febrero al 16 de marzo&#8230; <\/p><\/div>\n\n<div class=\"wp-block-post-date\"><time datetime=\"2026-02-26T19:52:20-03:00\">26 de febrero de 2026<\/time><\/div><\/div><\/div>\n\n<\/li><li class=\"wp-block-post post-3265 post type-post status-publish format-standard hentry category-capacitacion-abierta\">\n\n<div class=\"wp-block-group\" style=\"padding-top:30px;padding-right:30px;padding-bottom:30px;padding-left:30px\"><div class=\"wp-block-group__inner-container is-layout-flow wp-block-group-is-layout-flow\"><h2 class=\"wp-block-post-title\"><a href=\"https:\/\/colbiorn.com.ar\/es\/curso-secretaria-de-laboratorio-2022\/\" target=\"_self\" >CURSO SECRETAR\u00cdA de LABORATORIO-2022<\/a><\/h2>\n\n<div class=\"wp-block-post-excerpt\"><p class=\"wp-block-post-excerpt__excerpt\">(Actualizaci\u00f3n y Gesti\u00f3n) Curso Organizado por el Colegio de Bioqu\u00edmicos de la Provincia de R\u00edo Negro. Desarrollado bajo la modalidad ON-LINE 4Jornadas, con una duraci\u00f3n de 8 horas 29\/30Julio y 05\/06Agosto 2022. Disertante: Coach MCP, Lic. Christian Oliz Objetivo Coach: Gesti\u00f3n de la comunicaci\u00f3n y herramientas de fortalecimiento en atenci\u00f3n paciente\/cliente. Disertante: Administrativa, Angelica Dal&#8230; <\/p><\/div>\n\n<div class=\"wp-block-post-date\"><time datetime=\"2025-11-07T10:14:15-03:00\">7 de noviembre de 2025<\/time><\/div><\/div><\/div>\n\n<\/li><li class=\"wp-block-post post-3125 post type-post status-publish format-standard hentry category-capacitacion-abierta category-cocapre\">\n\n<div class=\"wp-block-group\" style=\"padding-top:30px;padding-right:30px;padding-bottom:30px;padding-left:30px\"><div class=\"wp-block-group__inner-container is-layout-flow wp-block-group-is-layout-flow\"><h2 class=\"wp-block-post-title\"><a href=\"https:\/\/colbiorn.com.ar\/es\/capacitaciones-sugeridas-junio2025\/\" target=\"_self\" >Capacitaciones  Sugeridas Junio2025<\/a><\/h2>\n\n<div class=\"wp-block-post-excerpt\"><p class=\"wp-block-post-excerpt__excerpt\">CAPACITACIONES RECOMENDADAS CICLO DE WEBINARIOS MES DEL BIOQUIMICO CONFERENCIA <\/p><\/div>\n\n<div class=\"wp-block-post-date\"><time datetime=\"2025-06-10T10:07:45-03:00\">10 de junio de 2025<\/time><\/div><\/div><\/div>\n\n<\/li><li class=\"wp-block-post post-3001 post type-post status-publish format-standard hentry category-sin-categoria\">\n\n<div class=\"wp-block-group\" style=\"padding-top:30px;padding-right:30px;padding-bottom:30px;padding-left:30px\"><div class=\"wp-block-group__inner-container is-layout-flow wp-block-group-is-layout-flow\"><h2 class=\"wp-block-post-title\"><a href=\"https:\/\/colbiorn.com.ar\/es\/inscripcion-a-becas-congreso-bio\/\" target=\"_self\" >Inscripci\u00f3n a becas Congreso Bio<\/a><\/h2>\n\n<div class=\"wp-block-post-excerpt\"><p class=\"wp-block-post-excerpt__excerpt\">Becas Postulaci\u00f3n para acceder a becas de inscripci\u00f3n del XVII Congreso Nacional Bioqu\u00edmico. Invitamos a participar del XVII Congreso Nacional de Bioqu\u00edmicos CUBRA 2025 y I Jornadas Nacionales de Microbiolog\u00eda, que se celebrar\u00e1n los d\u00edas 4, 5 y 6 de septiembre en Termas de R\u00edo Hondo, Santiago del Estero. Importante Motivo por el cual, aquellos&#8230; <\/p><\/div>\n\n<div class=\"wp-block-post-date\"><time datetime=\"2025-05-20T10:03:40-03:00\">20 de mayo de 2025<\/time><\/div><\/div><\/div>\n\n<\/li><\/ul><\/div>\n<\/div>\n<\/div>\n","protected":false},"excerpt":{"rendered":"<p>Actualizaci\u00f3n en:Perfil lip\u00eddico y obesidad Lo vigente y lo nuevo Lugar: Maip\u00fa 1428 Sede Colegio de Bioqu\u00edmicos de R\u00edo NegroHorario: viernes 15 de septiembre 18 a 21hs \u2013 s\u00e1bado 16 de septiembre de 9 a 13hs.Organiza: COLEGIO DE BIOQUIMICOS DE RIO NEGROCoordina: Dra Valle Caterina \u2013 Dr Alegre JorgeAranceles: Socios $10000 \u2013 No socios $15000&#8230;<\/p>\n","protected":false},"author":3,"featured_media":1857,"comment_status":"closed","ping_status":"closed","sticky":false,"template":"","format":"standard","meta":{"_kadence_starter_templates_imported_post":false,"_kad_post_transparent":"","_kad_post_title":"","_kad_post_layout":"","_kad_post_sidebar_id":"","_kad_post_content_style":"","_kad_post_vertical_padding":"","_kad_post_feature":"","_kad_post_feature_position":"","_kad_post_header":false,"_kad_post_footer":false,"_kad_post_classname":"","footnotes":""},"categories":[57],"tags":[62,63],"class_list":["post-1858","post","type-post","status-publish","format-standard","has-post-thumbnail","hentry","category-capacitacion-abierta","tag-actualizacion","tag-cursos"],"_links":{"self":[{"href":"https:\/\/colbiorn.com.ar\/es\/wp-json\/wp\/v2\/posts\/1858","targetHints":{"allow":["GET"]}}],"collection":[{"href":"https:\/\/colbiorn.com.ar\/es\/wp-json\/wp\/v2\/posts"}],"about":[{"href":"https:\/\/colbiorn.com.ar\/es\/wp-json\/wp\/v2\/types\/post"}],"author":[{"embeddable":true,"href":"https:\/\/colbiorn.com.ar\/es\/wp-json\/wp\/v2\/users\/3"}],"replies":[{"embeddable":true,"href":"https:\/\/colbiorn.com.ar\/es\/wp-json\/wp\/v2\/comments?post=1858"}],"version-history":[{"count":8,"href":"https:\/\/colbiorn.com.ar\/es\/wp-json\/wp\/v2\/posts\/1858\/revisions"}],"predecessor-version":[{"id":1872,"href":"https:\/\/colbiorn.com.ar\/es\/wp-json\/wp\/v2\/posts\/1858\/revisions\/1872"}],"wp:featuredmedia":[{"embeddable":true,"href":"https:\/\/colbiorn.com.ar\/es\/wp-json\/wp\/v2\/media\/1857"}],"wp:attachment":[{"href":"https:\/\/colbiorn.com.ar\/es\/wp-json\/wp\/v2\/media?parent=1858"}],"wp:term":[{"taxonomy":"category","embeddable":true,"href":"https:\/\/colbiorn.com.ar\/es\/wp-json\/wp\/v2\/categories?post=1858"},{"taxonomy":"post_tag","embeddable":true,"href":"https:\/\/colbiorn.com.ar\/es\/wp-json\/wp\/v2\/tags?post=1858"}],"curies":[{"name":"wp","href":"https:\/\/api.w.org\/{rel}","templated":true}]}}